{"id":432,"date":"2023-02-20T09:10:00","date_gmt":"2023-02-20T08:10:00","guid":{"rendered":"https:\/\/nowawww.zdpwegrow.pl\/?p=432"},"modified":"2025-12-04T08:27:21","modified_gmt":"2025-12-04T07:27:21","slug":"zamkniecie-mostu-na-drodze-wojewodzkiej-nr-697-w-miejscowosci-karczewiec","status":"publish","type":"post","link":"https:\/\/zdpwegrow.pl\/?p=432","title":{"rendered":"Zamkni\u0119cie mostu na drodze wojew\u00f3dzkiej nr 697 w miejscowo\u015bci Karczewiec"},"content":{"rendered":"\n<p>Na drodze wojew\u00f3dzkiej 697 w miejscowo\u015bci Karczewiec w dniu 20.02.2023 r. rozpoczn\u0105 si\u0119 prace zwi\u0105zane z rozbi\u00f3rka mostu w ci\u0105gu drogi wojew\u00f3dzkiej oraz budow\u0105 nowego obiektu!<\/p>\n\n\n\n<p>W zwi\u0105zku z ca\u0142kowitym zamkni\u0119ciem drogi wyznaczony zosta\u0142 objazd dla pojazd\u00f3w o DMC poni\u017cej 8 t drogami powiatowymi nr 4244W Wierzbno-Karczewiec oraz 4243W Czerwonka-Krypy przez miejscowo\u015bci Karczewiec, Krypy oraz Strupiech\u00f3w!<\/p>\n\n\n\n<p>Objazd dla ruchu ci\u0119\u017carowego i tranzytowego drog\u0105 wojew\u00f3dzk\u0105 nr 637, DK 50, autostrad\u0105 A2 oraz DK 2 przez miejscowo\u015bci Stanis\u0142aw\u00f3w oraz Ka\u0142uszyn.&nbsp;<\/p>\n\n\n\n<p>Przypominamy, \u017ce na trasie objazdu drogami powiatowym w ci\u0105gu drogi nr 4243W wyst\u0119puje obiekt mostowy o drewnianej nawierzchni nieodpowiedni dla ruchu ci\u0119\u017ckiego oraz wyst\u0119puje ograniczenie tona\u017cowe!<\/p>\n\n\n\n<p>Prosimy o stosowanie si\u0119 do oznakowania miejsca rob\u00f3t!<\/p>\n\n\n\n<figure class=\"wp-block-image\"><img decoding=\"async\" src=\"https:\/\/zdpwegrow.pl\/wp-content\/uploads\/2023\/02\/Zamkniecie_mostu_DW697_objazd_DMC_powyzej_8t-300x212.jpg\" alt=\"Zamkni\u0119cie_mostu_DW697_objazd_DMC_powy\u017cej_8t\"\/><\/figure>\n\n\n\n<p><a href=\"https:\/\/zdpwegrow.pl\/wp-content\/uploads\/2023\/02\/Zamkniecie_mostu_DW697_objazd_DMC_powyzej_8t-scaled.jpg\"><\/a><\/p>\n\n\n\n<figure class=\"wp-block-image\"><img decoding=\"async\" src=\"https:\/\/zdpwegrow.pl\/wp-content\/uploads\/2023\/02\/Zamkniecie_mostu_DW697_objazd_DMC_do_8t-1-300x212.jpg\" alt=\"Zamkni\u0119cie_mostu_DW697_objazd_DMC_do_8t\"\/><\/figure>\n\n\n\n<p><a href=\"https:\/\/zdpwegrow.pl\/wp-content\/uploads\/2023\/02\/Zamkniecie_mostu_DW697_objazd_DMC_do_8t-1-scaled.jpg\"><\/a><\/p>\n\n\n\n<p><a href=\"https:\/\/zdpwegrow.pl\/wp-content\/uploads\/2023\/02\/Zamkniecie_mostu_DW697_objazd_DMC_powyzej_8t-scaled.jpg\"><\/a><\/p>\n\n\n\n<p><a href=\"https:\/\/zdpwegrow.pl\/wp-content\/uploads\/2023\/02\/Zamkniecie_mostu_DW697_objazd_DMC_do_8t-1-scaled.jpg\"><\/a><\/p>\n","protected":false},"excerpt":{"rendered":"<p>Na drodze wojew\u00f3dzkiej 697 w miejscowo\u015bci Karczewiec w dniu 20.02.2023 r. rozpoczn\u0105 si\u0119 prace zwi\u0105zane z rozbi\u00f3rka mostu w ci\u0105gu drogi wojew\u00f3dzkiej oraz budow\u0105 nowego obiektu! W zwi\u0105zku z ca\u0142kowitym zamkni\u0119ciem drogi wyznaczony zosta\u0142 objazd dla pojazd\u00f3w o DMC poni\u017cej 8 t drogami powiatowymi nr 4244W Wierzbno-Karczewiec oraz 4243W Czerwonka-Krypy przez miejscowo\u015bci Karczewiec, Krypy oraz [&hellip;]<\/p>\n","protected":false},"author":3,"featured_media":0,"comment_status":"closed","ping_status":"open","sticky":false,"template":"","format":"standard","meta":{"footnotes":""},"categories":[3,4,6],"tags":[],"class_list":["post-432","post","type-post","status-publish","format-standard","hentry","category-aktualnosci","category-utrudnienia","category-utrudnienia-archiwalne"],"_links":{"self":[{"href":"https:\/\/zdpwegrow.pl\/index.php?rest_route=\/wp\/v2\/posts\/432","targetHints":{"allow":["GET"]}}],"collection":[{"href":"https:\/\/zdpwegrow.pl\/index.php?rest_route=\/wp\/v2\/posts"}],"about":[{"href":"https:\/\/zdpwegrow.pl\/index.php?rest_route=\/wp\/v2\/types\/post"}],"author":[{"embeddable":true,"href":"https:\/\/zdpwegrow.pl\/index.php?rest_route=\/wp\/v2\/users\/3"}],"replies":[{"embeddable":true,"href":"https:\/\/zdpwegrow.pl\/index.php?rest_route=%2Fwp%2Fv2%2Fcomments&post=432"}],"version-history":[{"count":1,"href":"https:\/\/zdpwegrow.pl\/index.php?rest_route=\/wp\/v2\/posts\/432\/revisions"}],"predecessor-version":[{"id":433,"href":"https:\/\/zdpwegrow.pl\/index.php?rest_route=\/wp\/v2\/posts\/432\/revisions\/433"}],"wp:attachment":[{"href":"https:\/\/zdpwegrow.pl\/index.php?rest_route=%2Fwp%2Fv2%2Fmedia&parent=432"}],"wp:term":[{"taxonomy":"category","embeddable":true,"href":"https:\/\/zdpwegrow.pl\/index.php?rest_route=%2Fwp%2Fv2%2Fcategories&post=432"},{"taxonomy":"post_tag","embeddable":true,"href":"https:\/\/zdpwegrow.pl\/index.php?rest_route=%2Fwp%2Fv2%2Ftags&post=432"}],"curies":[{"name":"wp","href":"https:\/\/api.w.org\/{rel}","templated":true}]}}